{"id":11279,"date":"2025-07-14T08:48:00","date_gmt":"2025-07-14T05:48:00","guid":{"rendered":"https:\/\/visitoulu.fi\/?p=11279"},"modified":"2025-07-14T13:03:55","modified_gmt":"2025-07-14T10:03:55","slug":"oulu-breathes-the-cleanest-air-in-europe","status":"publish","type":"post","link":"http:\/\/visitoulufi-2025-10-14_10_27_17.test.cchosting.fi\/en\/oulu-breathes-the-cleanest-air-in-europe\/","title":{"rendered":"Oulu breathes the cleanest air in Europe"},"content":{"rendered":"<p>Oulu is officially one of the cleanest cities in Europe. In a recent study by the European Environment Agency (EEA), the city was ranked among the top cities in a comparison of air quality in 858 European cities. The air we breathe in Oulu is not only healthy but also exceptionally clean - far cleaner than in many other major European cities.<\/p>\n\n\n\n<p><\/p>","protected":false},"excerpt":{"rendered":"<p>Oulu on virallisesti yksi Euroopan puhtaimmista kaupungeista. Euroopan ymp\u00e4rist\u00f6viraston (EEA) tuoreessa tutkimuksessa kaupunki sijoittui k\u00e4rkijoukkoon vertaillessa 858 eurooppalaisen kaupungin ilmanlaatua. Oulussa hengitett\u00e4v\u00e4 ilma on paitsi terveellist\u00e4, my\u00f6s poikkeuksellisen puhdasta \u2013 selv\u00e4sti puhtaampaa kuin monissa muissa Euroopan suurkaupungeissa. [&#8230;]<\/p>\n<p><a class=\"btn btn-secondary understrap-read-more-link\" href=\"http:\/\/visitoulufi-2025-10-14_10_27_17.test.cchosting.fi\/en\/oulu-breathes-the-cleanest-air-in-europe\/\">Read More&#8230;<span class=\"screen-reader-text\"> from Oulussa hengitet\u00e4\u00e4n Euroopan puhtainta ilmaa<\/span><\/a><\/p>","protected":false},"author":32,"featured_media":11281,"comment_status":"closed","ping_status":"open","sticky":false,"template":"","format":"standard","meta":{"_acf_changed":false,"content-type":"","footnotes":""},"categories":[121],"tags":[],"coauthors":[195],"class_list":["post-11279","post","type-post","status-publish","format-standard","has-post-thumbnail","hentry","category-vastuullisuus"],"acf":[],"yoast_head":"<!-- This site is optimized with the Yoast SEO plugin v26.0 - https:\/\/yoast.com\/wordpress\/plugins\/seo\/ -->\n<title>Oulussa hengitet\u00e4\u00e4n Euroopan puhtainta ilmaa - Visit Oulu<\/title>\n<meta name=\"robots\" content=\"index, follow, max-snippet:-1, max-image-preview:large, max-video-preview:-1\" \/>\n<link rel=\"canonical\" href=\"https:\/\/visitoulufi-2025-10-14_10_27_17.test.cchosting.fi\/en\/oulu-breathes-the-cleanest-air-in-europe\/\" \/>\n<meta property=\"og:locale\" content=\"en_US\" \/>\n<meta property=\"og:type\" content=\"article\" \/>\n<meta property=\"og:title\" content=\"Oulussa hengitet\u00e4\u00e4n Euroopan puhtainta ilmaa - Visit Oulu\" \/>\n<meta property=\"og:description\" content=\"Oulu on virallisesti yksi Euroopan puhtaimmista kaupungeista. Euroopan ymp\u00e4rist\u00f6viraston (EEA) tuoreessa tutkimuksessa kaupunki sijoittui k\u00e4rkijoukkoon vertaillessa 858 eurooppalaisen kaupungin ilmanlaatua. Oulussa hengitett\u00e4v\u00e4 ilma on paitsi terveellist\u00e4, my\u00f6s poikkeuksellisen puhdasta \u2013 selv\u00e4sti puhtaampaa kuin monissa muissa Euroopan suurkaupungeissa. [...]Read More... from Oulussa hengitet\u00e4\u00e4n Euroopan puhtainta ilmaa\" \/>\n<meta property=\"og:url\" content=\"https:\/\/visitoulufi-2025-10-14_10_27_17.test.cchosting.fi\/en\/oulu-breathes-the-cleanest-air-in-europe\/\" \/>\n<meta property=\"og:site_name\" content=\"Visit Oulu\" \/>\n<meta property=\"article:published_time\" content=\"2025-07-14T05:48:00+00:00\" \/>\n<meta property=\"article:modified_time\" content=\"2025-07-14T10:03:55+00:00\" \/>\n<meta property=\"og:image\" content=\"https:\/\/visitoulufi-2025-10-14_10_27_17.test.cchosting.fi\/wp-content\/uploads\/2025\/07\/VisitOulu_5D2A61552-scaled.jpg\" \/>\n\t<meta property=\"og:image:width\" content=\"2560\" \/>\n\t<meta property=\"og:image:height\" content=\"1708\" \/>\n\t<meta property=\"og:image:type\" content=\"image\/jpeg\" \/>\n<meta name=\"author\" content=\"Rosa Ruuskanen\" \/>\n<meta name=\"twitter:card\" content=\"summary_large_image\" \/>\n<meta name=\"twitter:label1\" content=\"Written by\" \/>\n\t<meta name=\"twitter:data1\" content=\"Rosa Ruuskanen\" \/>\n\t<meta name=\"twitter:label2\" content=\"Est. reading time\" \/>\n\t<meta name=\"twitter:data2\" content=\"3 minutes\" \/>\n<script type=\"application\/ld+json\" class=\"yoast-schema-graph\">{\"@context\":\"https:\/\/schema.org\",\"@graph\":[{\"@type\":\"WebPage\",\"@id\":\"https:\/\/visitoulufi-2025-10-14_10_27_17.test.cchosting.fi\/oulussa-hengitetaan-euroopan-puhtainta-ilmaa\/\",\"url\":\"https:\/\/visitoulufi-2025-10-14_10_27_17.test.cchosting.fi\/oulussa-hengitetaan-euroopan-puhtainta-ilmaa\/\",\"name\":\"Oulussa hengitet\u00e4\u00e4n Euroopan puhtainta ilmaa - Visit Oulu\",\"isPartOf\":{\"@id\":\"https:\/\/visitoulufi-2025-10-14_10_27_17.test.cchosting.fi\/#website\"},\"primaryImageOfPage\":{\"@id\":\"https:\/\/visitoulufi-2025-10-14_10_27_17.test.cchosting.fi\/oulussa-hengitetaan-euroopan-puhtainta-ilmaa\/#primaryimage\"},\"image\":{\"@id\":\"https:\/\/visitoulufi-2025-10-14_10_27_17.test.cchosting.fi\/oulussa-hengitetaan-euroopan-puhtainta-ilmaa\/#primaryimage\"},\"thumbnailUrl\":\"https:\/\/visitoulufi-2025-10-14_10_27_17.test.cchosting.fi\/wp-content\/uploads\/2025\/07\/VisitOulu_5D2A61552-scaled.jpg\",\"datePublished\":\"2025-07-14T05:48:00+00:00\",\"dateModified\":\"2025-07-14T10:03:55+00:00\",\"author\":{\"@id\":\"https:\/\/visitoulufi-2025-10-14_10_27_17.test.cchosting.fi\/#\/schema\/person\/b8e5a4a1f07dd73554ffbbe2b8e8dc58\"},\"breadcrumb\":{\"@id\":\"https:\/\/visitoulufi-2025-10-14_10_27_17.test.cchosting.fi\/oulussa-hengitetaan-euroopan-puhtainta-ilmaa\/#breadcrumb\"},\"inLanguage\":\"en-US\",\"potentialAction\":[{\"@type\":\"ReadAction\",\"target\":[\"https:\/\/visitoulufi-2025-10-14_10_27_17.test.cchosting.fi\/oulussa-hengitetaan-euroopan-puhtainta-ilmaa\/\"]}]},{\"@type\":\"ImageObject\",\"inLanguage\":\"en-US\",\"@id\":\"https:\/\/visitoulufi-2025-10-14_10_27_17.test.cchosting.fi\/oulussa-hengitetaan-euroopan-puhtainta-ilmaa\/#primaryimage\",\"url\":\"https:\/\/visitoulufi-2025-10-14_10_27_17.test.cchosting.fi\/wp-content\/uploads\/2025\/07\/VisitOulu_5D2A61552-scaled.jpg\",\"contentUrl\":\"https:\/\/visitoulufi-2025-10-14_10_27_17.test.cchosting.fi\/wp-content\/uploads\/2025\/07\/VisitOulu_5D2A61552-scaled.jpg\",\"width\":2560,\"height\":1708},{\"@type\":\"BreadcrumbList\",\"@id\":\"https:\/\/visitoulufi-2025-10-14_10_27_17.test.cchosting.fi\/oulussa-hengitetaan-euroopan-puhtainta-ilmaa\/#breadcrumb\",\"itemListElement\":[{\"@type\":\"ListItem\",\"position\":1,\"name\":\"Etusivu\",\"item\":\"https:\/\/visitoulufi-2025-10-14_10_27_17.test.cchosting.fi\/\"},{\"@type\":\"ListItem\",\"position\":2,\"name\":\"Oulussa hengitet\u00e4\u00e4n Euroopan puhtainta ilmaa\"}]},{\"@type\":\"WebSite\",\"@id\":\"https:\/\/visitoulufi-2025-10-14_10_27_17.test.cchosting.fi\/#website\",\"url\":\"https:\/\/visitoulufi-2025-10-14_10_27_17.test.cchosting.fi\/\",\"name\":\"Visit Oulu\",\"description\":\"\",\"potentialAction\":[{\"@type\":\"SearchAction\",\"target\":{\"@type\":\"EntryPoint\",\"urlTemplate\":\"https:\/\/visitoulufi-2025-10-14_10_27_17.test.cchosting.fi\/?s={search_term_string}\"},\"query-input\":{\"@type\":\"PropertyValueSpecification\",\"valueRequired\":true,\"valueName\":\"search_term_string\"}}],\"inLanguage\":\"en-US\"},{\"@type\":\"Person\",\"@id\":\"https:\/\/visitoulufi-2025-10-14_10_27_17.test.cchosting.fi\/#\/schema\/person\/b8e5a4a1f07dd73554ffbbe2b8e8dc58\",\"name\":\"Rosa Ruuskanen\",\"image\":{\"@type\":\"ImageObject\",\"inLanguage\":\"en-US\",\"@id\":\"https:\/\/visitoulufi-2025-10-14_10_27_17.test.cchosting.fi\/#\/schema\/person\/image\/c5227ba7c3f401aa50ca43e56399553f\",\"url\":\"https:\/\/secure.gravatar.com\/avatar\/ccc3f3faaf914d7086285c9a5914ab5034c81ccd25f3274a6f036ce798271ae7?s=96&d=mm&r=g\",\"contentUrl\":\"https:\/\/secure.gravatar.com\/avatar\/ccc3f3faaf914d7086285c9a5914ab5034c81ccd25f3274a6f036ce798271ae7?s=96&d=mm&r=g\",\"caption\":\"Rosa Ruuskanen\"},\"url\":\"http:\/\/visitoulufi-2025-10-14_10_27_17.test.cchosting.fi\/en\/author\/rosavisitoulu-fi\/\"}]}<\/script>\n<!-- \/ Yoast SEO plugin. -->","yoast_head_json":{"title":"Oulu breathes the cleanest air in Europe - Visit Oulu","robots":{"index":"index","follow":"follow","max-snippet":"max-snippet:-1","max-image-preview":"max-image-preview:large","max-video-preview":"max-video-preview:-1"},"canonical":"https:\/\/visitoulufi-2025-10-14_10_27_17.test.cchosting.fi\/en\/oulu-breathes-the-cleanest-air-in-europe\/","og_locale":"en_US","og_type":"article","og_title":"Oulussa hengitet\u00e4\u00e4n Euroopan puhtainta ilmaa - Visit Oulu","og_description":"Oulu on virallisesti yksi Euroopan puhtaimmista kaupungeista. Euroopan ymp\u00e4rist\u00f6viraston (EEA) tuoreessa tutkimuksessa kaupunki sijoittui k\u00e4rkijoukkoon vertaillessa 858 eurooppalaisen kaupungin ilmanlaatua. Oulussa hengitett\u00e4v\u00e4 ilma on paitsi terveellist\u00e4, my\u00f6s poikkeuksellisen puhdasta \u2013 selv\u00e4sti puhtaampaa kuin monissa muissa Euroopan suurkaupungeissa. [...]Read More... from Oulussa hengitet\u00e4\u00e4n Euroopan puhtainta ilmaa","og_url":"https:\/\/visitoulufi-2025-10-14_10_27_17.test.cchosting.fi\/en\/oulu-breathes-the-cleanest-air-in-europe\/","og_site_name":"Visit Oulu","article_published_time":"2025-07-14T05:48:00+00:00","article_modified_time":"2025-07-14T10:03:55+00:00","og_image":[{"width":2560,"height":1708,"url":"https:\/\/visitoulufi-2025-10-14_10_27_17.test.cchosting.fi\/wp-content\/uploads\/2025\/07\/VisitOulu_5D2A61552-scaled.jpg","type":"image\/jpeg"}],"author":"Rosa Ruuskanen","twitter_card":"summary_large_image","twitter_misc":{"Written by":"Rosa Ruuskanen","Est. reading time":"3 minutes"},"schema":{"@context":"https:\/\/schema.org","@graph":[{"@type":"WebPage","@id":"https:\/\/visitoulufi-2025-10-14_10_27_17.test.cchosting.fi\/oulussa-hengitetaan-euroopan-puhtainta-ilmaa\/","url":"https:\/\/visitoulufi-2025-10-14_10_27_17.test.cchosting.fi\/oulussa-hengitetaan-euroopan-puhtainta-ilmaa\/","name":"Oulu breathes the cleanest air in Europe - Visit Oulu","isPartOf":{"@id":"https:\/\/visitoulufi-2025-10-14_10_27_17.test.cchosting.fi\/#website"},"primaryImageOfPage":{"@id":"https:\/\/visitoulufi-2025-10-14_10_27_17.test.cchosting.fi\/oulussa-hengitetaan-euroopan-puhtainta-ilmaa\/#primaryimage"},"image":{"@id":"https:\/\/visitoulufi-2025-10-14_10_27_17.test.cchosting.fi\/oulussa-hengitetaan-euroopan-puhtainta-ilmaa\/#primaryimage"},"thumbnailUrl":"https:\/\/visitoulufi-2025-10-14_10_27_17.test.cchosting.fi\/wp-content\/uploads\/2025\/07\/VisitOulu_5D2A61552-scaled.jpg","datePublished":"2025-07-14T05:48:00+00:00","dateModified":"2025-07-14T10:03:55+00:00","author":{"@id":"https:\/\/visitoulufi-2025-10-14_10_27_17.test.cchosting.fi\/#\/schema\/person\/b8e5a4a1f07dd73554ffbbe2b8e8dc58"},"breadcrumb":{"@id":"https:\/\/visitoulufi-2025-10-14_10_27_17.test.cchosting.fi\/oulussa-hengitetaan-euroopan-puhtainta-ilmaa\/#breadcrumb"},"inLanguage":"en-US","potentialAction":[{"@type":"ReadAction","target":["https:\/\/visitoulufi-2025-10-14_10_27_17.test.cchosting.fi\/oulussa-hengitetaan-euroopan-puhtainta-ilmaa\/"]}]},{"@type":"ImageObject","inLanguage":"en-US","@id":"https:\/\/visitoulufi-2025-10-14_10_27_17.test.cchosting.fi\/oulussa-hengitetaan-euroopan-puhtainta-ilmaa\/#primaryimage","url":"https:\/\/visitoulufi-2025-10-14_10_27_17.test.cchosting.fi\/wp-content\/uploads\/2025\/07\/VisitOulu_5D2A61552-scaled.jpg","contentUrl":"https:\/\/visitoulufi-2025-10-14_10_27_17.test.cchosting.fi\/wp-content\/uploads\/2025\/07\/VisitOulu_5D2A61552-scaled.jpg","width":2560,"height":1708},{"@type":"BreadcrumbList","@id":"https:\/\/visitoulufi-2025-10-14_10_27_17.test.cchosting.fi\/oulussa-hengitetaan-euroopan-puhtainta-ilmaa\/#breadcrumb","itemListElement":[{"@type":"ListItem","position":1,"name":"Etusivu","item":"https:\/\/visitoulufi-2025-10-14_10_27_17.test.cchosting.fi\/"},{"@type":"ListItem","position":2,"name":"Oulussa hengitet\u00e4\u00e4n Euroopan puhtainta ilmaa"}]},{"@type":"WebSite","@id":"https:\/\/visitoulufi-2025-10-14_10_27_17.test.cchosting.fi\/#website","url":"https:\/\/visitoulufi-2025-10-14_10_27_17.test.cchosting.fi\/","name":"Visit Oulu","description":"","potentialAction":[{"@type":"SearchAction","target":{"@type":"EntryPoint","urlTemplate":"https:\/\/visitoulufi-2025-10-14_10_27_17.test.cchosting.fi\/?s={search_term_string}"},"query-input":{"@type":"PropertyValueSpecification","valueRequired":true,"valueName":"search_term_string"}}],"inLanguage":"en-US"},{"@type":"Person","@id":"https:\/\/visitoulufi-2025-10-14_10_27_17.test.cchosting.fi\/#\/schema\/person\/b8e5a4a1f07dd73554ffbbe2b8e8dc58","name":"Rosa Ruuskanen","image":{"@type":"ImageObject","inLanguage":"en-US","@id":"https:\/\/visitoulufi-2025-10-14_10_27_17.test.cchosting.fi\/#\/schema\/person\/image\/c5227ba7c3f401aa50ca43e56399553f","url":"https:\/\/secure.gravatar.com\/avatar\/ccc3f3faaf914d7086285c9a5914ab5034c81ccd25f3274a6f036ce798271ae7?s=96&d=mm&r=g","contentUrl":"https:\/\/secure.gravatar.com\/avatar\/ccc3f3faaf914d7086285c9a5914ab5034c81ccd25f3274a6f036ce798271ae7?s=96&d=mm&r=g","caption":"Rosa Ruuskanen"},"url":"http:\/\/visitoulufi-2025-10-14_10_27_17.test.cchosting.fi\/en\/author\/rosavisitoulu-fi\/"}]}},"_links":{"self":[{"href":"http:\/\/visitoulufi-2025-10-14_10_27_17.test.cchosting.fi\/en\/wp-json\/wp\/v2\/posts\/11279","targetHints":{"allow":["GET"]}}],"collection":[{"href":"http:\/\/visitoulufi-2025-10-14_10_27_17.test.cchosting.fi\/en\/wp-json\/wp\/v2\/posts"}],"about":[{"href":"http:\/\/visitoulufi-2025-10-14_10_27_17.test.cchosting.fi\/en\/wp-json\/wp\/v2\/types\/post"}],"author":[{"embeddable":true,"href":"http:\/\/visitoulufi-2025-10-14_10_27_17.test.cchosting.fi\/en\/wp-json\/wp\/v2\/users\/32"}],"replies":[{"embeddable":true,"href":"http:\/\/visitoulufi-2025-10-14_10_27_17.test.cchosting.fi\/en\/wp-json\/wp\/v2\/comments?post=11279"}],"version-history":[{"count":3,"href":"http:\/\/visitoulufi-2025-10-14_10_27_17.test.cchosting.fi\/en\/wp-json\/wp\/v2\/posts\/11279\/revisions"}],"predecessor-version":[{"id":11288,"href":"http:\/\/visitoulufi-2025-10-14_10_27_17.test.cchosting.fi\/en\/wp-json\/wp\/v2\/posts\/11279\/revisions\/11288"}],"wp:featuredmedia":[{"embeddable":true,"href":"http:\/\/visitoulufi-2025-10-14_10_27_17.test.cchosting.fi\/en\/wp-json\/wp\/v2\/media\/11281"}],"wp:attachment":[{"href":"http:\/\/visitoulufi-2025-10-14_10_27_17.test.cchosting.fi\/en\/wp-json\/wp\/v2\/media?parent=11279"}],"wp:term":[{"taxonomy":"category","embeddable":true,"href":"http:\/\/visitoulufi-2025-10-14_10_27_17.test.cchosting.fi\/en\/wp-json\/wp\/v2\/categories?post=11279"},{"taxonomy":"post_tag","embeddable":true,"href":"http:\/\/visitoulufi-2025-10-14_10_27_17.test.cchosting.fi\/en\/wp-json\/wp\/v2\/tags?post=11279"},{"taxonomy":"author","embeddable":true,"href":"http:\/\/visitoulufi-2025-10-14_10_27_17.test.cchosting.fi\/en\/wp-json\/wp\/v2\/coauthors?post=11279"}],"curies":[{"name":"wp","href":"https:\/\/api.w.org\/{rel}","templated":true}]}}